{"id":288,"date":"2020-07-23T02:05:05","date_gmt":"2020-07-23T02:05:05","guid":{"rendered":"http:\/\/neurologianeonatal.com\/?p=288"},"modified":"2021-06-23T23:04:54","modified_gmt":"2021-06-23T23:04:54","slug":"aeeg-para-la-deteccion-de-crisis-epilepticas-neonatales","status":"publish","type":"post","link":"https:\/\/neurologianeonatal.com\/index.php\/2020\/07\/23\/aeeg-para-la-deteccion-de-crisis-epilepticas-neonatales\/","title":{"rendered":"aEEG para la detecci\u00f3n de crisis epil\u00e9pticas neonatales."},"content":{"rendered":"\n<p>El monitor aEEG (electroencefalograma integrado por amplitud), tambi\u00e9n llamado monitor de funci\u00f3n cerebral, es un dispositivo de monitoreo electroencefalogr\u00e1fico simplificado en la cantidad de canales y con un procesamiento de la se\u00f1al que tambi\u00e9n simplifica el reconociemiento de ciertos patrones como son algunos patrones de base y sobre todo de las crisis epil\u00e9pticas que se ver\u00e1n como un ascenso brusco del margen inferior y superior del trazado (foto).<\/p>\n\n\n\n<figure class=\"wp-block-image size-large is-resized\"><img loading=\"lazy\" decoding=\"async\" src=\"https:\/\/neurologianeonatal.com\/wp-content\/uploads\/2020\/07\/aEEG-portada.jpg\" alt=\"\" class=\"wp-image-256\" width=\"741\" height=\"289\" srcset=\"https:\/\/neurologianeonatal.com\/wp-content\/uploads\/2020\/07\/aEEG-portada.jpg 624w, https:\/\/neurologianeonatal.com\/wp-content\/uploads\/2020\/07\/aEEG-portada-600x234.jpg 600w, https:\/\/neurologianeonatal.com\/wp-content\/uploads\/2020\/07\/aEEG-portada-300x117.jpg 300w\" sizes=\"auto, (max-width: 741px) 100vw, 741px\" \/><figcaption>Monitor de funci\u00f3n cerebral, trazado integrado con m\u00faltiples crisis en un paciente con diagn\u00f3stico de citrulinemia. neurologianeonatal.com<\/figcaption><\/figure>\n\n\n\n<p>Sin embargo para su correcta interpretaci\u00f3n es necesario conocer algunos conceptos de electroencefalograf\u00eda cl\u00e1sica. En los electroencefalogramas convencionales las crisis epil\u00e9pticas se ven como una actividad r\u00edtmica con que se instala progresivamente y evoluciona tambipen en forma progresiva modificando su morfolog\u00eda, amplitud y frecuencia, hasta finalmente desaparecer (foto). <\/p>\n\n\n\n<figure class=\"wp-block-image size-large\"><img loading=\"lazy\" decoding=\"async\" width=\"797\" height=\"122\" src=\"https:\/\/neurologianeonatal.com\/wp-content\/uploads\/2020\/07\/EEG-cri\u0301tico-2.jpg\" alt=\"\" class=\"wp-image-293\" srcset=\"https:\/\/neurologianeonatal.com\/wp-content\/uploads\/2020\/07\/EEG-cri\u0301tico-2.jpg 797w, https:\/\/neurologianeonatal.com\/wp-content\/uploads\/2020\/07\/EEG-cri\u0301tico-2-600x92.jpg 600w, https:\/\/neurologianeonatal.com\/wp-content\/uploads\/2020\/07\/EEG-cri\u0301tico-2-300x46.jpg 300w, https:\/\/neurologianeonatal.com\/wp-content\/uploads\/2020\/07\/EEG-cri\u0301tico-2-768x118.jpg 768w\" sizes=\"auto, (max-width: 797px) 100vw, 797px\" \/><figcaption>Trazado electroencefalogr\u00e1fico convencional del MFC que muestra una actividad r\u00edtmica de espiga onda compatible con registro ictal (crisis epil\u00e9ptica).<\/figcaption><\/figure>\n\n\n\n<p>Este conocimiento permite utilizar el trazado convencional, que se muestra en simult\u00e1neo en la mayor\u00eda de los monitores, para confirmar los hallazgos observados en el trazado integrado por amplitud.<\/p>\n\n\n\n<p>Para quienes quieran leer m\u00e1s acerca del tema comparto un art\u00edculo (en ingl\u00e9s) que publiqu\u00e9 en 2019 sobre la electrofisiolog\u00eda de las crisis epil\u00e9pticas aplicado al monitor aEEG. Pueden descargarlo en el enlace de abajo. <\/p>\n\n\n\n<div class=\"wp-block-group\"><div class=\"wp-block-group__inner-container is-layout-flow wp-block-group-is-layout-flow\">\n<p class=\"has-text-align-center\"><a href=\"http:\/\/neurologianeonatal.com\/wp-content\/uploads\/2020\/07\/aEEG-for-neonatal-seizure-detection-Gacio-S.pdf\">http:\/\/neurologianeonatal.com\/wp-content\/uploads\/2020\/07\/aEEG-for-neonatal-seizure-detection-Gacio-S.pdf<\/a><\/p>\n<\/div><\/div>\n","protected":false},"excerpt":{"rendered":"<p>El monitor aEEG (electroencefalograma integrado por amplitud), tambi\u00e9n llamado monitor de funci\u00f3n cerebral, es un dispositivo de monitoreo electroencefalogr\u00e1fico simplificado en la cantidad de canales y con un procesamiento de la se\u00f1al que tambi\u00e9n simplifica el reconociemiento de ciertos patrones como son algunos patrones de base y sobre todo de las crisis epil\u00e9pticas que se &hellip;<\/p>\n<p class=\"read-more\"> <a class=\"\" href=\"https:\/\/neurologianeonatal.com\/index.php\/2020\/07\/23\/aeeg-para-la-deteccion-de-crisis-epilepticas-neonatales\/\"> <span class=\"screen-reader-text\">aEEG para la detecci\u00f3n de crisis epil\u00e9pticas neonatales.<\/span> Leer m\u00e1s &raquo;<\/a><\/p>\n","protected":false},"author":1,"featured_media":258,"comment_status":"closed","ping_status":"open","sticky":false,"template":"","format":"standard","meta":{"site-sidebar-layout":"default","site-content-layout":"default","ast-global-header-display":"","ast-main-header-display":"","ast-hfb-above-header-display":"","ast-hfb-below-header-display":"","ast-hfb-mobile-header-display":"","site-post-title":"","ast-breadcrumbs-content":"","ast-featured-img":"","footer-sml-layout":"","theme-transparent-header-meta":"default","adv-header-id-meta":"","stick-header-meta":"","header-above-stick-meta":"","header-main-stick-meta":"","header-below-stick-meta":"","footnotes":""},"categories":[43],"tags":[8,19,18,20,17],"class_list":["post-288","post","type-post","status-publish","format-standard","has-post-thumbnail","hentry","category-material-de-neurologia-neonatal","tag-aeeg","tag-convulsiones-neonatales","tag-eeg-de-amplitud-integrada","tag-eeg-neonatal","tag-mfc"],"_links":{"self":[{"href":"https:\/\/neurologianeonatal.com\/index.php\/wp-json\/wp\/v2\/posts\/288","targetHints":{"allow":["GET"]}}],"collection":[{"href":"https:\/\/neurologianeonatal.com\/index.php\/wp-json\/wp\/v2\/posts"}],"about":[{"href":"https:\/\/neurologianeonatal.com\/index.php\/wp-json\/wp\/v2\/types\/post"}],"author":[{"embeddable":true,"href":"https:\/\/neurologianeonatal.com\/index.php\/wp-json\/wp\/v2\/users\/1"}],"replies":[{"embeddable":true,"href":"https:\/\/neurologianeonatal.com\/index.php\/wp-json\/wp\/v2\/comments?post=288"}],"version-history":[{"count":5,"href":"https:\/\/neurologianeonatal.com\/index.php\/wp-json\/wp\/v2\/posts\/288\/revisions"}],"predecessor-version":[{"id":421,"href":"https:\/\/neurologianeonatal.com\/index.php\/wp-json\/wp\/v2\/posts\/288\/revisions\/421"}],"wp:featuredmedia":[{"embeddable":true,"href":"https:\/\/neurologianeonatal.com\/index.php\/wp-json\/wp\/v2\/media\/258"}],"wp:attachment":[{"href":"https:\/\/neurologianeonatal.com\/index.php\/wp-json\/wp\/v2\/media?parent=288"}],"wp:term":[{"taxonomy":"category","embeddable":true,"href":"https:\/\/neurologianeonatal.com\/index.php\/wp-json\/wp\/v2\/categories?post=288"},{"taxonomy":"post_tag","embeddable":true,"href":"https:\/\/neurologianeonatal.com\/index.php\/wp-json\/wp\/v2\/tags?post=288"}],"curies":[{"name":"wp","href":"https:\/\/api.w.org\/{rel}","templated":true}]}}