{"id":359,"date":"2021-02-20T19:33:40","date_gmt":"2021-02-20T19:33:40","guid":{"rendered":"https:\/\/neurologianeonatal.com\/?p=359"},"modified":"2023-07-06T18:47:01","modified_gmt":"2023-07-06T18:47:01","slug":"recien-nacido-con-miomas-cardiacos","status":"publish","type":"post","link":"https:\/\/neurologianeonatal.com\/index.php\/2021\/02\/20\/recien-nacido-con-miomas-cardiacos\/","title":{"rendered":"Reci\u00e9n nacido con miomas card\u00edacos"},"content":{"rendered":"\n<p>Es derivada a la unidad de cuidados intensivos neonatales (UCIN) una ni\u00f1a nacida de t\u00e9rmino y peso adecuado para la edad gestacional por presentar miomas intracard\u00edacos. La ni\u00f1a es producto de una tercera gesta con dos partos anteriores sin complicaciones. Nace por parto normal a las 39 semanas con un peso de 3700g y Apgar 9\/10.&nbsp;<\/p>\n\n\n\n<p>El examen neurol\u00f3gico fue normal, solo agreg\u00f3 los hallazgos dermatol\u00f3gicos que se muestran en la foto.&nbsp;<\/p>\n\n\n\n<p>La resonancia magn\u00e9tica cerebral revel\u00f3 los siguientes hallazgos (ver foto).<\/p>\n\n\n\n<figure class=\"wp-block-image size-large is-resized\"><img loading=\"lazy\" decoding=\"async\" src=\"https:\/\/neurologianeonatal.com\/wp-content\/uploads\/2020\/07\/ET-Caso-del-mes-2-988x1024.jpg\" alt=\"Caso del mes. Neurolog\u00eda neonatal.\" class=\"wp-image-185\" width=\"549\" height=\"568\" srcset=\"https:\/\/neurologianeonatal.com\/wp-content\/uploads\/2020\/07\/ET-Caso-del-mes-2-988x1024.jpg 988w, https:\/\/neurologianeonatal.com\/wp-content\/uploads\/2020\/07\/ET-Caso-del-mes-2-600x622.jpg 600w, https:\/\/neurologianeonatal.com\/wp-content\/uploads\/2020\/07\/ET-Caso-del-mes-2-289x300.jpg 289w, https:\/\/neurologianeonatal.com\/wp-content\/uploads\/2020\/07\/ET-Caso-del-mes-2-768x796.jpg 768w, https:\/\/neurologianeonatal.com\/wp-content\/uploads\/2020\/07\/ET-Caso-del-mes-2-1482x1536.jpg 1482w, https:\/\/neurologianeonatal.com\/wp-content\/uploads\/2020\/07\/ET-Caso-del-mes-2.jpg 1826w\" sizes=\"auto, (max-width: 549px) 100vw, 549px\" \/><figcaption class=\"wp-element-caption\">Hallazgos dermatol\u00f3gicos y de la IRM neonatal.<\/figcaption><\/figure>\n\n\n\n<p>\u00bfCu\u00e1l es su diagn\u00f3stico?<\/p>\n\n\n\n<p>Pueden agregar adem\u00e1s comentarios de los hallazgos del examen f\u00edsico y la IRM.&nbsp;<\/p>\n","protected":false},"excerpt":{"rendered":"<p>Es derivada a la unidad de cuidados intensivos neonatales (UCIN) una ni\u00f1a nacida de t\u00e9rmino y peso adecuado para la edad gestacional por presentar miomas intracard\u00edacos. La ni\u00f1a es producto de una tercera gesta con dos partos anteriores sin complicaciones. Nace por parto normal a las 39 semanas con un peso de 3700g y Apgar &hellip;<\/p>\n<p class=\"read-more\"> <a class=\"\" href=\"https:\/\/neurologianeonatal.com\/index.php\/2021\/02\/20\/recien-nacido-con-miomas-cardiacos\/\"> <span class=\"screen-reader-text\">Reci\u00e9n nacido con miomas card\u00edacos<\/span> Leer m\u00e1s &raquo;<\/a><\/p>\n","protected":false},"author":1,"featured_media":244,"comment_status":"open","ping_status":"open","sticky":false,"template":"","format":"standard","meta":{"site-sidebar-layout":"default","site-content-layout":"default","ast-global-header-display":"","ast-main-header-display":"","ast-hfb-above-header-display":"","ast-hfb-below-header-display":"","ast-hfb-mobile-header-display":"","site-post-title":"","ast-breadcrumbs-content":"","ast-featured-img":"","footer-sml-layout":"","theme-transparent-header-meta":"default","adv-header-id-meta":"","stick-header-meta":"","header-above-stick-meta":"","header-main-stick-meta":"","header-below-stick-meta":"","footnotes":""},"categories":[16],"tags":[19,15,36],"class_list":["post-359","post","type-post","status-publish","format-standard","has-post-thumbnail","hentry","category-quiz","tag-convulsiones-neonatales","tag-irm-neonatal","tag-resonancia-magnetica"],"_links":{"self":[{"href":"https:\/\/neurologianeonatal.com\/index.php\/wp-json\/wp\/v2\/posts\/359","targetHints":{"allow":["GET"]}}],"collection":[{"href":"https:\/\/neurologianeonatal.com\/index.php\/wp-json\/wp\/v2\/posts"}],"about":[{"href":"https:\/\/neurologianeonatal.com\/index.php\/wp-json\/wp\/v2\/types\/post"}],"author":[{"embeddable":true,"href":"https:\/\/neurologianeonatal.com\/index.php\/wp-json\/wp\/v2\/users\/1"}],"replies":[{"embeddable":true,"href":"https:\/\/neurologianeonatal.com\/index.php\/wp-json\/wp\/v2\/comments?post=359"}],"version-history":[{"count":4,"href":"https:\/\/neurologianeonatal.com\/index.php\/wp-json\/wp\/v2\/posts\/359\/revisions"}],"predecessor-version":[{"id":501,"href":"https:\/\/neurologianeonatal.com\/index.php\/wp-json\/wp\/v2\/posts\/359\/revisions\/501"}],"wp:featuredmedia":[{"embeddable":true,"href":"https:\/\/neurologianeonatal.com\/index.php\/wp-json\/wp\/v2\/media\/244"}],"wp:attachment":[{"href":"https:\/\/neurologianeonatal.com\/index.php\/wp-json\/wp\/v2\/media?parent=359"}],"wp:term":[{"taxonomy":"category","embeddable":true,"href":"https:\/\/neurologianeonatal.com\/index.php\/wp-json\/wp\/v2\/categories?post=359"},{"taxonomy":"post_tag","embeddable":true,"href":"https:\/\/neurologianeonatal.com\/index.php\/wp-json\/wp\/v2\/tags?post=359"}],"curies":[{"name":"wp","href":"https:\/\/api.w.org\/{rel}","templated":true}]}}